{"id":5775,"date":"2023-02-06T14:52:25","date_gmt":"2023-02-06T13:52:25","guid":{"rendered":"https:\/\/www.die-verleugneten.de\/uncategorized\/event-with-alfons-l-ims\/"},"modified":"2025-01-27T17:50:35","modified_gmt":"2025-01-27T16:50:35","slug":"event-with-alfons-l-ims","status":"publish","type":"post","link":"https:\/\/www.die-verleugneten.de\/en\/workshop-reports\/event-with-alfons-l-ims\/","title":{"rendered":"Event with Alfons L. Ims"},"content":{"rendered":"\n<p>On 31 July 2022 an event was held to launch the book \u00bbEine \u203a<a tabindex=\"0\" role=\"button\" class=\"glossary\" data-bs-toggle=\"popover\" data-bs-trigger=\"hover focus\" title=\"asozial\" data-bs-content-id=\"popover-id-3955\" aria-label=\"asozial - Glossary term\">asozial<\/a>e\u2039 Pf\u00e4lzer Familie. Wie in der NS-Zeit aus einem Sozialfall moralische Minderwertigkeit gemacht wurde\u00ab (\u00bbAn \u203aAsocial\u2039 Family from the Palatinate\u00ab). I gave a short talk at the event and discussed the book with its author, Alfons L. Ims. It tells the story of his own family.<\/p>\n\n\n\n<p>Shortly before the start of the event, I accompanied Alfons Ims to the Kalkhofen housing estate in Kaiserslautern, where he was born in 1949. This estate was known as the part of town in which primarily poor and marginalised people had to live. The National Socialist authorities often labelled them \u00bbasocial\u00ab and they were threatened with violence. This was also the case with Alfons Ims\u2019s family. At the event and in the book he described how he began to trace his family\u2019s history.<\/p>\n\n\n\n<p>The questions that arose in the course of his investigations were the same ones that we have dealt with in depth during this project. How should we approach files in which the police or the authorities in charge of welfare, youth or health services describe people as \u00bbasocial\u00ab, \u00bbcongenital idiots\u00ab and \u00bbinferior\u00ab? The perspectives of those who were excluded and persecuted in this way are mostly completely absent in these files and they are not documented elsewhere. In some cases, as with Alfons Ims\u2019s family, people were not even able to record their own viewpoint because they were unable to write properly. This makes it all the more important to go through every detail in the files in order to analyse them properly. This is exactly what the author attempts to do in his book <a href=\"https:\/\/buecher.llux.de\/?p=productsMore&amp;iProduct=106&amp;sName=ims-eine-%84asoziale%94-pf%E4lzer-familie\">\u00bbEine \u203aasoziale\u2039 Pf\u00e4lzer Familie. Wie in der NS-Zeit aus einem Sozialfall moralische Minderwertigkeit gemacht wurde\u00ab<\/a>.<\/p>\n\n\n\n<div class=\"wp-block-boom-spacer\" style=\"height:2rem\"><\/div>\n\n\n\n<div class=\"wp-block-columns is-layout-flex wp-container-core-columns-is-layout-9d6595d7 wp-block-columns-is-layout-flex\">\n<div class=\"wp-block-column is-layout-flow wp-block-column-is-layout-flow\" style=\"flex-basis:66.66%\">\n<figure class=\"wp-block-image size-full is-resized\"><img loading=\"lazy\" decoding=\"async\" width=\"480\" height=\"651\" src=\"https:\/\/www.die-verleugneten.de\/wp-content\/uploads\/2023\/02\/werkstattbericht-cover-buch-alfons-ims.jpeg\" alt=\"Bookpresentation \u00bbEine \u203aasoziale\u2039 Pf\u00e4lzer Familie\u00ab\" class=\"wp-image-3744\" style=\"width:342px;height:464px\" srcset=\"https:\/\/www.die-verleugneten.de\/wp-content\/uploads\/2023\/02\/werkstattbericht-cover-buch-alfons-ims.jpeg 480w, https:\/\/www.die-verleugneten.de\/wp-content\/uploads\/2023\/02\/werkstattbericht-cover-buch-alfons-ims-400x543.jpeg 400w\" sizes=\"auto, (max-width: 480px) 100vw, 480px\" \/><figcaption class=\"wp-element-caption\">Book \u00bbEine \u203aasoziale\u2039 Pf\u00e4lzer Familie\u00ab von Alfons L. Ims. <br>Image: Llux Agentur &amp; Verlag<\/figcaption><\/figure>\n<\/div>\n\n\n\n<div class=\"wp-block-column is-layout-flow wp-block-column-is-layout-flow\" style=\"flex-basis:33.33%\"><\/div>\n<\/div>\n\n\n\n<div class=\"wp-block-boom-spacer d-none d-lg-block\" style=\"height:2rem\"><\/div>\n\n\n\n<p>The efforts Ims has made to piece together the life and suffering of the individual members of his family have been extremely valuable for our exhibition project. His account of how almost his entire family suffered between 1933 and 1945 as a result of the National Socialist concept of hereditary \u00bbinferiority\u00ab is particularly striking. In concrete terms this meant forced sterilisation and lengthy detention in institutions and homes and the family faced exclusion right from when they lived on a \u00bbhousing estate for asocials\u00ab. In addition, two of the children were at risk of becoming victims of the Nazis\u2019 programme of killing patients in institutional settings. It was only down to luck that they were spared. None of the family members were detained in \u00bbpreventive police custody\u00ab either; in other words, no one from the family was held in a concentration camp. Such internment is often considered to exemplify persecution under National Socialism. However, it is easy to forget the widespread persecution that took place outside the camps. This issue came up in the discussions at the book launch. The question remains: How can we remember the individuals affected by these forms of Nazi persecution? <\/p>\n\n\n\n<p>The sense of shame that persists within the families of such individuals poses a major obstacle to finding out more about their lives. As a result of the exclusion and persecution under National Socialism and the decades in which they were not acknowledged as victims, past injustice continues to have an impact on the present. With our exhibition project we want to encourage people to look into the history of persecution in their own families if they are aware that this might have occurred, and to contact us. You can get in touch via our <a href=\"https:\/\/www.die-verleugneten.de\/en\/kontakt\/\">contact form<\/a>. <\/p>\n\n\n\n<p><em>Oliver Gaida<\/em><\/p>\n\n\n\n<p><\/p>\n<div class=\"popovers-wrapper\"><div id=\"popover-id-3955\" class=\"d-none\">\n<p>Menschen werden als \u00bbasozial\u00ab bezeichnet und verfolgt, weil sie in der nationalsozialistischen \u00bbVolksgemeinschaft\u00ab keinen Platz haben. Das betrifft vor allem Arbeits- oder Wohnungslose, Bettler, F\u00fcrsorgeempf\u00e4nger\/-innen, Prostituierte oder unangepasste Jugendliche. Ihnen wird vorgeworfen, die Gemeinschaft zu gef\u00e4hrden. Bei ihrer Verfolgung arbeiten Beh\u00f6rden wie F\u00fcrsorge\u00e4mter, Justiz und Polizei zusammen. Sie schaffen ein engmaschiges Netz aus \u00dcberwachungs- und Zwangsma\u00dfnahmen.<\/p>\n<\/div><\/div>","protected":false},"excerpt":{"rendered":"<p>On 31 July 2022 an event was held to launch the book \u00bbEine \u203aasoziale\u2039 Pf\u00e4lzer Familie. Wie in der NS-Zeit aus einem Sozialfall moralische Minderwertigkeit gemacht wurde\u00ab (\u00bbAn \u203aAsocial\u2039 Family from the Palatinate\u00ab). I gave a short talk at the event and discussed the book with its author, Alfons L. Ims. It tells the story [&hellip;]<\/p>\n","protected":false},"author":5,"featured_media":3745,"comment_status":"closed","ping_status":"closed","sticky":false,"template":"","format":"standard","meta":{"_acf_changed":false,"footnotes":""},"categories":[128],"class_list":["post-5775","post","type-post","status-publish","format-standard","has-post-thumbnail","hentry","category-workshop-reports"],"acf":[],"yoast_head":"<!-- This site is optimized with the Yoast SEO plugin v23.5 - https:\/\/yoast.com\/wordpress\/plugins\/seo\/ -->\n<title>Event with Alfons L. Ims<\/title>\n<meta name=\"robots\" content=\"index, follow, max-snippet:-1, max-image-preview:large, max-video-preview:-1\" \/>\n<link rel=\"canonical\" href=\"https:\/\/www.die-verleugneten.de\/en\/workshop-reports\/event-with-alfons-l-ims\/\" \/>\n<meta property=\"og:locale\" content=\"en_US\" \/>\n<meta property=\"og:type\" content=\"article\" \/>\n<meta property=\"og:title\" content=\"Event with Alfons L. Ims\" \/>\n<meta property=\"og:description\" content=\"On 31 July 2022 an event was held to launch the book \u00bbEine \u203aasoziale\u2039 Pf\u00e4lzer Familie. Wie in der NS-Zeit aus einem Sozialfall moralische Minderwertigkeit gemacht wurde\u00ab (\u00bbAn \u203aAsocial\u2039 Family from the Palatinate\u00ab). I gave a short talk at the event and discussed the book with its author, Alfons L. Ims. It tells the story [&hellip;]\" \/>\n<meta property=\"og:url\" content=\"https:\/\/www.die-verleugneten.de\/en\/workshop-reports\/event-with-alfons-l-ims\/\" \/>\n<meta property=\"og:site_name\" content=\"Die Verleugneten\" \/>\n<meta property=\"article:publisher\" content=\"https:\/\/www.facebook.com\/Die-Verleugneten-104463652313716\/\" \/>\n<meta property=\"article:published_time\" content=\"2023-02-06T13:52:25+00:00\" \/>\n<meta property=\"article:modified_time\" content=\"2025-01-27T16:50:35+00:00\" \/>\n<meta property=\"og:image\" content=\"https:\/\/www.die-verleugneten.de\/wp-content\/uploads\/2023\/02\/werkstattbericht-cover-buch-alfons-ims.jpeg\" \/>\n\t<meta property=\"og:image:width\" content=\"480\" \/>\n\t<meta property=\"og:image:height\" content=\"651\" \/>\n\t<meta property=\"og:image:type\" content=\"image\/jpeg\" \/>\n<meta name=\"author\" content=\"Friederike_Pescheck\" \/>\n<meta name=\"twitter:card\" content=\"summary_large_image\" \/>\n<meta name=\"twitter:label1\" content=\"Written by\" \/>\n\t<meta name=\"twitter:data1\" content=\"Friederike_Pescheck\" \/>\n\t<meta name=\"twitter:label2\" content=\"Est. reading time\" \/>\n\t<meta name=\"twitter:data2\" content=\"3 minutes\" \/>\n<script type=\"application\/ld+json\" class=\"yoast-schema-graph\">{\"@context\":\"https:\/\/schema.org\",\"@graph\":[{\"@type\":\"Article\",\"@id\":\"https:\/\/www.die-verleugneten.de\/en\/workshop-reports\/event-with-alfons-l-ims\/#article\",\"isPartOf\":{\"@id\":\"https:\/\/www.die-verleugneten.de\/en\/workshop-reports\/event-with-alfons-l-ims\/\"},\"author\":{\"name\":\"Friederike_Pescheck\",\"@id\":\"https:\/\/www.die-verleugneten.de\/#\/schema\/person\/790f88f753a059eab17914fdb840147c\"},\"headline\":\"Event with Alfons L. Ims\",\"datePublished\":\"2023-02-06T13:52:25+00:00\",\"dateModified\":\"2025-01-27T16:50:35+00:00\",\"mainEntityOfPage\":{\"@id\":\"https:\/\/www.die-verleugneten.de\/en\/workshop-reports\/event-with-alfons-l-ims\/\"},\"wordCount\":606,\"publisher\":{\"@id\":\"https:\/\/www.die-verleugneten.de\/#organization\"},\"image\":{\"@id\":\"https:\/\/www.die-verleugneten.de\/en\/workshop-reports\/event-with-alfons-l-ims\/#primaryimage\"},\"thumbnailUrl\":\"https:\/\/www.die-verleugneten.de\/wp-content\/uploads\/2023\/02\/werkstattbericht-cover-buch-alfons-ims.jpeg\",\"articleSection\":[\"Workshop Reports\"],\"inLanguage\":\"en-US\"},{\"@type\":\"WebPage\",\"@id\":\"https:\/\/www.die-verleugneten.de\/en\/workshop-reports\/event-with-alfons-l-ims\/\",\"url\":\"https:\/\/www.die-verleugneten.de\/en\/workshop-reports\/event-with-alfons-l-ims\/\",\"name\":\"Event with Alfons L. Ims\",\"isPartOf\":{\"@id\":\"https:\/\/www.die-verleugneten.de\/#website\"},\"primaryImageOfPage\":{\"@id\":\"https:\/\/www.die-verleugneten.de\/en\/workshop-reports\/event-with-alfons-l-ims\/#primaryimage\"},\"image\":{\"@id\":\"https:\/\/www.die-verleugneten.de\/en\/workshop-reports\/event-with-alfons-l-ims\/#primaryimage\"},\"thumbnailUrl\":\"https:\/\/www.die-verleugneten.de\/wp-content\/uploads\/2023\/02\/werkstattbericht-cover-buch-alfons-ims.jpeg\",\"datePublished\":\"2023-02-06T13:52:25+00:00\",\"dateModified\":\"2025-01-27T16:50:35+00:00\",\"breadcrumb\":{\"@id\":\"https:\/\/www.die-verleugneten.de\/en\/workshop-reports\/event-with-alfons-l-ims\/#breadcrumb\"},\"inLanguage\":\"en-US\",\"potentialAction\":[{\"@type\":\"ReadAction\",\"target\":[\"https:\/\/www.die-verleugneten.de\/en\/workshop-reports\/event-with-alfons-l-ims\/\"]}]},{\"@type\":\"ImageObject\",\"inLanguage\":\"en-US\",\"@id\":\"https:\/\/www.die-verleugneten.de\/en\/workshop-reports\/event-with-alfons-l-ims\/#primaryimage\",\"url\":\"https:\/\/www.die-verleugneten.de\/wp-content\/uploads\/2023\/02\/werkstattbericht-cover-buch-alfons-ims.jpeg\",\"contentUrl\":\"https:\/\/www.die-verleugneten.de\/wp-content\/uploads\/2023\/02\/werkstattbericht-cover-buch-alfons-ims.jpeg\",\"width\":480,\"height\":651,\"caption\":\"Buchpr\u00e4sentation \u00bbEine \u203aasoziale\u2039 Pf\u00e4lzer Familie\u00ab von Alfons L. Ims\"},{\"@type\":\"BreadcrumbList\",\"@id\":\"https:\/\/www.die-verleugneten.de\/en\/workshop-reports\/event-with-alfons-l-ims\/#breadcrumb\",\"itemListElement\":[{\"@type\":\"ListItem\",\"position\":1,\"name\":\"Start\",\"item\":\"https:\/\/www.die-verleugneten.de\/en\/\"},{\"@type\":\"ListItem\",\"position\":2,\"name\":\"Workshop Reports\",\"item\":\"https:\/\/www.die-verleugneten.de\/en\/category\/workshop-reports\/\"},{\"@type\":\"ListItem\",\"position\":3,\"name\":\"Event with Alfons L. Ims\"}]},{\"@type\":\"WebSite\",\"@id\":\"https:\/\/www.die-verleugneten.de\/#website\",\"url\":\"https:\/\/www.die-verleugneten.de\/\",\"name\":\"Die Verleugneten\",\"description\":\"Als als vermeintliche &quot;Asoziale&quot; und &quot;Berufsverbrecher&quot; verfolgt\",\"publisher\":{\"@id\":\"https:\/\/www.die-verleugneten.de\/#organization\"},\"potentialAction\":[{\"@type\":\"SearchAction\",\"target\":{\"@type\":\"EntryPoint\",\"urlTemplate\":\"https:\/\/www.die-verleugneten.de\/?s={search_term_string}\"},\"query-input\":{\"@type\":\"PropertyValueSpecification\",\"valueRequired\":true,\"valueName\":\"search_term_string\"}}],\"inLanguage\":\"en-US\"},{\"@type\":\"Organization\",\"@id\":\"https:\/\/www.die-verleugneten.de\/#organization\",\"name\":\"Die Verleugneten\",\"url\":\"https:\/\/www.die-verleugneten.de\/\",\"logo\":{\"@type\":\"ImageObject\",\"inLanguage\":\"en-US\",\"@id\":\"https:\/\/www.die-verleugneten.de\/#\/schema\/logo\/image\/\",\"url\":\"https:\/\/www.die-verleugneten.de\/wp-content\/uploads\/2022\/03\/DV-Logo.svg\",\"contentUrl\":\"https:\/\/www.die-verleugneten.de\/wp-content\/uploads\/2022\/03\/DV-Logo.svg\",\"width\":210,\"height\":80,\"caption\":\"Die Verleugneten\"},\"image\":{\"@id\":\"https:\/\/www.die-verleugneten.de\/#\/schema\/logo\/image\/\"},\"sameAs\":[\"https:\/\/www.facebook.com\/Die-Verleugneten-104463652313716\/\",\"https:\/\/www.instagram.com\/die_verleugneten\/\"]},{\"@type\":\"Person\",\"@id\":\"https:\/\/www.die-verleugneten.de\/#\/schema\/person\/790f88f753a059eab17914fdb840147c\",\"name\":\"Friederike_Pescheck\",\"image\":{\"@type\":\"ImageObject\",\"inLanguage\":\"en-US\",\"@id\":\"https:\/\/www.die-verleugneten.de\/#\/schema\/person\/image\/\",\"url\":\"https:\/\/secure.gravatar.com\/avatar\/e89fe5ecf504c7fde1a44cb77642ea07ed0b187aa677aa5049e98270b9289e85?s=96&d=mm&r=g\",\"contentUrl\":\"https:\/\/secure.gravatar.com\/avatar\/e89fe5ecf504c7fde1a44cb77642ea07ed0b187aa677aa5049e98270b9289e85?s=96&d=mm&r=g\",\"caption\":\"Friederike_Pescheck\"}}]}<\/script>\n<!-- \/ Yoast SEO plugin. -->","yoast_head_json":{"title":"Event with Alfons L. Ims","robots":{"index":"index","follow":"follow","max-snippet":"max-snippet:-1","max-image-preview":"max-image-preview:large","max-video-preview":"max-video-preview:-1"},"canonical":"https:\/\/www.die-verleugneten.de\/en\/workshop-reports\/event-with-alfons-l-ims\/","og_locale":"en_US","og_type":"article","og_title":"Event with Alfons L. Ims","og_description":"On 31 July 2022 an event was held to launch the book \u00bbEine \u203aasoziale\u2039 Pf\u00e4lzer Familie. Wie in der NS-Zeit aus einem Sozialfall moralische Minderwertigkeit gemacht wurde\u00ab (\u00bbAn \u203aAsocial\u2039 Family from the Palatinate\u00ab). I gave a short talk at the event and discussed the book with its author, Alfons L. Ims. It tells the story [&hellip;]","og_url":"https:\/\/www.die-verleugneten.de\/en\/workshop-reports\/event-with-alfons-l-ims\/","og_site_name":"Die Verleugneten","article_publisher":"https:\/\/www.facebook.com\/Die-Verleugneten-104463652313716\/","article_published_time":"2023-02-06T13:52:25+00:00","article_modified_time":"2025-01-27T16:50:35+00:00","og_image":[{"width":480,"height":651,"url":"https:\/\/www.die-verleugneten.de\/wp-content\/uploads\/2023\/02\/werkstattbericht-cover-buch-alfons-ims.jpeg","type":"image\/jpeg"}],"author":"Friederike_Pescheck","twitter_card":"summary_large_image","twitter_misc":{"Written by":"Friederike_Pescheck","Est. reading time":"3 minutes"},"schema":{"@context":"https:\/\/schema.org","@graph":[{"@type":"Article","@id":"https:\/\/www.die-verleugneten.de\/en\/workshop-reports\/event-with-alfons-l-ims\/#article","isPartOf":{"@id":"https:\/\/www.die-verleugneten.de\/en\/workshop-reports\/event-with-alfons-l-ims\/"},"author":{"name":"Friederike_Pescheck","@id":"https:\/\/www.die-verleugneten.de\/#\/schema\/person\/790f88f753a059eab17914fdb840147c"},"headline":"Event with Alfons L. Ims","datePublished":"2023-02-06T13:52:25+00:00","dateModified":"2025-01-27T16:50:35+00:00","mainEntityOfPage":{"@id":"https:\/\/www.die-verleugneten.de\/en\/workshop-reports\/event-with-alfons-l-ims\/"},"wordCount":606,"publisher":{"@id":"https:\/\/www.die-verleugneten.de\/#organization"},"image":{"@id":"https:\/\/www.die-verleugneten.de\/en\/workshop-reports\/event-with-alfons-l-ims\/#primaryimage"},"thumbnailUrl":"https:\/\/www.die-verleugneten.de\/wp-content\/uploads\/2023\/02\/werkstattbericht-cover-buch-alfons-ims.jpeg","articleSection":["Workshop Reports"],"inLanguage":"en-US"},{"@type":"WebPage","@id":"https:\/\/www.die-verleugneten.de\/en\/workshop-reports\/event-with-alfons-l-ims\/","url":"https:\/\/www.die-verleugneten.de\/en\/workshop-reports\/event-with-alfons-l-ims\/","name":"Event with Alfons L. Ims","isPartOf":{"@id":"https:\/\/www.die-verleugneten.de\/#website"},"primaryImageOfPage":{"@id":"https:\/\/www.die-verleugneten.de\/en\/workshop-reports\/event-with-alfons-l-ims\/#primaryimage"},"image":{"@id":"https:\/\/www.die-verleugneten.de\/en\/workshop-reports\/event-with-alfons-l-ims\/#primaryimage"},"thumbnailUrl":"https:\/\/www.die-verleugneten.de\/wp-content\/uploads\/2023\/02\/werkstattbericht-cover-buch-alfons-ims.jpeg","datePublished":"2023-02-06T13:52:25+00:00","dateModified":"2025-01-27T16:50:35+00:00","breadcrumb":{"@id":"https:\/\/www.die-verleugneten.de\/en\/workshop-reports\/event-with-alfons-l-ims\/#breadcrumb"},"inLanguage":"en-US","potentialAction":[{"@type":"ReadAction","target":["https:\/\/www.die-verleugneten.de\/en\/workshop-reports\/event-with-alfons-l-ims\/"]}]},{"@type":"ImageObject","inLanguage":"en-US","@id":"https:\/\/www.die-verleugneten.de\/en\/workshop-reports\/event-with-alfons-l-ims\/#primaryimage","url":"https:\/\/www.die-verleugneten.de\/wp-content\/uploads\/2023\/02\/werkstattbericht-cover-buch-alfons-ims.jpeg","contentUrl":"https:\/\/www.die-verleugneten.de\/wp-content\/uploads\/2023\/02\/werkstattbericht-cover-buch-alfons-ims.jpeg","width":480,"height":651,"caption":"Buchpr\u00e4sentation \u00bbEine \u203aasoziale\u2039 Pf\u00e4lzer Familie\u00ab von Alfons L. Ims"},{"@type":"BreadcrumbList","@id":"https:\/\/www.die-verleugneten.de\/en\/workshop-reports\/event-with-alfons-l-ims\/#breadcrumb","itemListElement":[{"@type":"ListItem","position":1,"name":"Start","item":"https:\/\/www.die-verleugneten.de\/en\/"},{"@type":"ListItem","position":2,"name":"Workshop Reports","item":"https:\/\/www.die-verleugneten.de\/en\/category\/workshop-reports\/"},{"@type":"ListItem","position":3,"name":"Event with Alfons L. Ims"}]},{"@type":"WebSite","@id":"https:\/\/www.die-verleugneten.de\/#website","url":"https:\/\/www.die-verleugneten.de\/","name":"Die Verleugneten","description":"Als als vermeintliche &quot;Asoziale&quot; und &quot;Berufsverbrecher&quot; verfolgt","publisher":{"@id":"https:\/\/www.die-verleugneten.de\/#organization"},"potentialAction":[{"@type":"SearchAction","target":{"@type":"EntryPoint","urlTemplate":"https:\/\/www.die-verleugneten.de\/?s={search_term_string}"},"query-input":{"@type":"PropertyValueSpecification","valueRequired":true,"valueName":"search_term_string"}}],"inLanguage":"en-US"},{"@type":"Organization","@id":"https:\/\/www.die-verleugneten.de\/#organization","name":"Die Verleugneten","url":"https:\/\/www.die-verleugneten.de\/","logo":{"@type":"ImageObject","inLanguage":"en-US","@id":"https:\/\/www.die-verleugneten.de\/#\/schema\/logo\/image\/","url":"https:\/\/www.die-verleugneten.de\/wp-content\/uploads\/2022\/03\/DV-Logo.svg","contentUrl":"https:\/\/www.die-verleugneten.de\/wp-content\/uploads\/2022\/03\/DV-Logo.svg","width":210,"height":80,"caption":"Die Verleugneten"},"image":{"@id":"https:\/\/www.die-verleugneten.de\/#\/schema\/logo\/image\/"},"sameAs":["https:\/\/www.facebook.com\/Die-Verleugneten-104463652313716\/","https:\/\/www.instagram.com\/die_verleugneten\/"]},{"@type":"Person","@id":"https:\/\/www.die-verleugneten.de\/#\/schema\/person\/790f88f753a059eab17914fdb840147c","name":"Friederike_Pescheck","image":{"@type":"ImageObject","inLanguage":"en-US","@id":"https:\/\/www.die-verleugneten.de\/#\/schema\/person\/image\/","url":"https:\/\/secure.gravatar.com\/avatar\/e89fe5ecf504c7fde1a44cb77642ea07ed0b187aa677aa5049e98270b9289e85?s=96&d=mm&r=g","contentUrl":"https:\/\/secure.gravatar.com\/avatar\/e89fe5ecf504c7fde1a44cb77642ea07ed0b187aa677aa5049e98270b9289e85?s=96&d=mm&r=g","caption":"Friederike_Pescheck"}}]}},"_links":{"self":[{"href":"https:\/\/www.die-verleugneten.de\/en\/wp-json\/wp\/v2\/posts\/5775","targetHints":{"allow":["GET"]}}],"collection":[{"href":"https:\/\/www.die-verleugneten.de\/en\/wp-json\/wp\/v2\/posts"}],"about":[{"href":"https:\/\/www.die-verleugneten.de\/en\/wp-json\/wp\/v2\/types\/post"}],"author":[{"embeddable":true,"href":"https:\/\/www.die-verleugneten.de\/en\/wp-json\/wp\/v2\/users\/5"}],"replies":[{"embeddable":true,"href":"https:\/\/www.die-verleugneten.de\/en\/wp-json\/wp\/v2\/comments?post=5775"}],"version-history":[{"count":2,"href":"https:\/\/www.die-verleugneten.de\/en\/wp-json\/wp\/v2\/posts\/5775\/revisions"}],"predecessor-version":[{"id":5778,"href":"https:\/\/www.die-verleugneten.de\/en\/wp-json\/wp\/v2\/posts\/5775\/revisions\/5778"}],"wp:featuredmedia":[{"embeddable":true,"href":"https:\/\/www.die-verleugneten.de\/en\/wp-json\/wp\/v2\/media\/3745"}],"wp:attachment":[{"href":"https:\/\/www.die-verleugneten.de\/en\/wp-json\/wp\/v2\/media?parent=5775"}],"wp:term":[{"taxonomy":"category","embeddable":true,"href":"https:\/\/www.die-verleugneten.de\/en\/wp-json\/wp\/v2\/categories?post=5775"}],"curies":[{"name":"wp","href":"https:\/\/api.w.org\/{rel}","templated":true}]}}